{"id":34,"date":"2026-03-12T03:40:47","date_gmt":"2026-03-12T03:40:47","guid":{"rendered":"https:\/\/cristosoft.com\/?p=34"},"modified":"2026-03-12T03:41:49","modified_gmt":"2026-03-12T03:41:49","slug":"cities-around-the-world-prepare-for-st-patricks-day-2026","status":"publish","type":"post","link":"https:\/\/cristosoft.com\/es\/cities-around-the-world-prepare-for-st-patricks-day-2026\/","title":{"rendered":"Ciudades del mundo ya se preparan para el D\u00eda de San Patricio 2026"},"content":{"rendered":"<p>El 17 de marzo de 2026 volver\u00e1 a te\u00f1irse de verde en todos los rincones del planeta. Desde Dubl\u00edn hasta Nueva York, pasando por Madrid, Chicago y Belfast, las ciudades ya afinan los \u00faltimos detalles para una de las celebraciones culturales m\u00e1s grandes del a\u00f1o. Este 2026 promete romper r\u00e9cords de asistencia, diversidad cultural y despliegue art\u00edstico, impulsado por el entusiasmo global de los \u00faltimos a\u00f1os.<\/p>\n\n\n\n<hr class=\"wp-block-separator has-alpha-channel-opacity\"\/>\n\n\n\n<h2 class=\"wp-block-heading\">\ud83c\uddee\ud83c\uddea Dubl\u00edn: El Coraz\u00f3n de la Celebraci\u00f3n Mundial<\/h2>\n\n\n\n<p>Dubl\u00edn prepara un <strong>festival de cuatro d\u00edas<\/strong>del 14 al 17 de marzo, que culminar\u00e1 con el tradicional desfile que partir\u00e1 desde <strong>Parnell Square at 12 p.m.<\/strong> y recorrer\u00e1 el centro de la ciudad.<br>La capital irlandesa ofrecer\u00e1:<\/p>\n\n\n\n<ul class=\"wp-block-list\">\n<li>Teatro callejero y espect\u00e1culos itinerantes<\/li>\n\n\n\n<li>Conciertos y gastronom\u00eda tradicional<\/li>\n\n\n\n<li>Actividades familiares y tours tem\u00e1ticos<\/li>\n<\/ul>\n\n\n\n<p>El desfile no requiere entrada, aunque habr\u00e1 gradas con asientos limitados.<\/p>\n\n\n\n<hr class=\"wp-block-separator has-alpha-channel-opacity\"\/>\n\n\n\n<h2 class=\"wp-block-heading\">\ud83c\uddfa\ud83c\uddf8 Nueva York: El Desfile m\u00e1s Antiguo del Mundo<\/h2>\n\n\n\n<p>Nueva York celebrar\u00e1 la <strong>265.\u00aa edici\u00f3n<\/strong> de su ic\u00f3nico desfile, el m\u00e1s antiguo y uno de los m\u00e1s multitudinarios del planeta.<br>El evento se realizar\u00e1 el <strong>Martes 17 de Marzo a las 11 a.m.<\/strong>, avanzando por la Quinta Avenida hasta la Catedral de San Patricio.<br>Entre los elementos destacados:<\/p>\n\n\n\n<ul class=\"wp-block-list\">\n<li>Bandas de gaitas<\/li>\n\n\n\n<li>Escuelas de danza irlandesa<\/li>\n\n\n\n<li>Un fuerte enfoque en la herencia cultural<\/li>\n\n\n\n<li>Liderazgo del Gran Mariscal Robert J. McCann<\/li>\n<\/ul>\n\n\n\n<p>La ciudad espera una asistencia masiva, con miles de personas ya organizando viajes y rutas.<\/p>\n\n\n\n<hr class=\"wp-block-separator has-alpha-channel-opacity\"\/>\n\n\n\n<h2 class=\"wp-block-heading\">\ud83c\uddfa\ud83c\uddf8 Chicago: el famoso r\u00edo verde vuelve a brillar<\/h2>\n\n\n\n<p>Chicago se prepara para una de sus tradiciones m\u00e1s llamativas: <strong>te\u00f1ir el r\u00edo de verde<\/strong>, un espect\u00e1culo que atrae a miles de visitantes cada a\u00f1o.<br>Las celebraciones incluyen:<\/p>\n\n\n\n<ul class=\"wp-block-list\">\n<li>Te\u00f1ido del r\u00edo el <strong>S\u00e1bado 14 de marzo a las 10 a.m.<\/strong><\/li>\n\n\n\n<li>Desfile principal entre Balbo Drive y Monroe Drive<\/li>\n\n\n\n<li>Eventos comunitarios como el South Side Irish Parade y actividades en el Irish American Heritage Center<\/li>\n<\/ul>\n\n\n\n<p>La ciudad vive uno de los ambientes m\u00e1s vibrantes de San Patricio en Norteam\u00e9rica.<\/p>\n\n\n\n<hr class=\"wp-block-separator has-alpha-channel-opacity\"\/>\n\n\n\n<h2 class=\"wp-block-heading\">\ud83c\uddec\ud83c\udde7 Belfast: M\u00fasica, Cultura y un Festival Completo<\/h2>\n\n\n\n<p>Belfast, designada Ciudad UNESCO de la M\u00fasica, celebrar\u00e1 un <strong>festival del 13 al 17 de marzo<\/strong>, con conciertos, talleres y un desfile central el <strong>17 de marzo a la 1:30 p.m.<\/strong><br>Entre sus atractivos:<\/p>\n\n\n\n<ul class=\"wp-block-list\">\n<li>Festival Village gratuito en Cathedral Quarter<\/li>\n\n\n\n<li>Conciertos y bandas de gaitas<\/li>\n\n\n\n<li>Carrera tem\u00e1tica SPAR Craic 10k<\/li>\n<\/ul>\n\n\n\n<p>La ciudad combina tradici\u00f3n, deporte y m\u00fasica en un ambiente festivo \u00fanico.<\/p>\n\n\n\n<hr class=\"wp-block-separator has-alpha-channel-opacity\"\/>\n\n\n\n<h2 class=\"wp-block-heading\">\ud83c\uddea\ud83c\uddf8 Madrid: una marea verde en la Gran V\u00eda<\/h2>\n\n\n\n<p>Madrid se consolida como una de las capitales europeas donde San Patricio ha ganado m\u00e1s fuerza.<br>El <strong>S\u00e1bado 14 de Marzo a las 17:00<\/strong>, la Gran V\u00eda acoger\u00e1 la cuarta edici\u00f3n del <strong>San Patricio Madrid Fest<\/strong>, que promete ser la m\u00e1s grande hasta la fecha.<br>Entre los elementos destacados:<\/p>\n\n\n\n<ul class=\"wp-block-list\">\n<li>M\u00e1s de <strong>1,200 participantes<\/strong><\/li>\n\n\n\n<li>25 bandas de gaitas de Espa\u00f1a e Irlanda<\/li>\n\n\n\n<li>Participaci\u00f3n especial de la <strong>Banda de Gaitas de la Polic\u00eda de Nueva York<\/strong><\/li>\n\n\n\n<li>Carrozas, danza irlandesa, animaci\u00f3n tem\u00e1tica y un concierto final en Callao<\/li>\n<\/ul>\n\n\n\n<p>El impacto tur\u00edstico y cultural del evento crece cada a\u00f1o, posicionando a Madrid junto a Dubl\u00edn, Nueva York y Chicago en el circuito global.<\/p>\n\n\n\n<hr class=\"wp-block-separator has-alpha-channel-opacity\"\/>\n\n\n\n<h2 class=\"wp-block-heading\">\ud83c\udf0e Una celebraci\u00f3n verdaderamente global<\/h2>\n\n\n\n<p>El D\u00eda de San Patricio ha dejado de ser una festividad exclusivamente irlandesa para convertirse en un fen\u00f3meno cultural mundial.<br>Ciudades de todos los continentes preparan desfiles, iluminan monumentos de verde y organizan festivales que mezclan m\u00fasica celta, gastronom\u00eda, danza y tradiciones que han evolucionado durante siglos.<\/p>","protected":false},"excerpt":{"rendered":"<p>On March 17, 2026, cities across the globe will once again turn green. From Dublin to New York, and from Madrid to Chicago and Belfast, preparations are underway for one of the largest cultural celebrations of the year. This 2026 edition is expected to break records in attendance, cultural diversity, and artistic displays, fueled by [&hellip;]<\/p>\n","protected":false},"author":1,"featured_media":35,"comment_status":"open","ping_status":"open","sticky":false,"template":"","format":"standard","meta":{"footnotes":""},"categories":[15],"tags":[16,17],"class_list":["post-34","post","type-post","status-publish","format-standard","has-post-thumbnail","hentry","category-holidays","tag-holidays","tag-st-patrick"],"_links":{"self":[{"href":"https:\/\/cristosoft.com\/es\/wp-json\/wp\/v2\/posts\/34","targetHints":{"allow":["GET"]}}],"collection":[{"href":"https:\/\/cristosoft.com\/es\/wp-json\/wp\/v2\/posts"}],"about":[{"href":"https:\/\/cristosoft.com\/es\/wp-json\/wp\/v2\/types\/post"}],"author":[{"embeddable":true,"href":"https:\/\/cristosoft.com\/es\/wp-json\/wp\/v2\/users\/1"}],"replies":[{"embeddable":true,"href":"https:\/\/cristosoft.com\/es\/wp-json\/wp\/v2\/comments?post=34"}],"version-history":[{"count":2,"href":"https:\/\/cristosoft.com\/es\/wp-json\/wp\/v2\/posts\/34\/revisions"}],"predecessor-version":[{"id":37,"href":"https:\/\/cristosoft.com\/es\/wp-json\/wp\/v2\/posts\/34\/revisions\/37"}],"wp:featuredmedia":[{"embeddable":true,"href":"https:\/\/cristosoft.com\/es\/wp-json\/wp\/v2\/media\/35"}],"wp:attachment":[{"href":"https:\/\/cristosoft.com\/es\/wp-json\/wp\/v2\/media?parent=34"}],"wp:term":[{"taxonomy":"category","embeddable":true,"href":"https:\/\/cristosoft.com\/es\/wp-json\/wp\/v2\/categories?post=34"},{"taxonomy":"post_tag","embeddable":true,"href":"https:\/\/cristosoft.com\/es\/wp-json\/wp\/v2\/tags?post=34"}],"curies":[{"name":"wp","href":"https:\/\/api.w.org\/{rel}","templated":true}]}}